{"id":2385,"date":"2025-09-02T14:28:09","date_gmt":"2025-09-02T12:28:09","guid":{"rendered":"https:\/\/trachtenverein-reischach.de\/?p=2385"},"modified":"2025-09-02T14:28:54","modified_gmt":"2025-09-02T12:28:54","slug":"vereinsausflug-2025","status":"publish","type":"post","link":"https:\/\/trachtenverein-reischach.de\/?p=2385","title":{"rendered":"Vereinsausflug 2025"},"content":{"rendered":"\n<figure class=\"wp-block-gallery alignwide has-nested-images columns-default is-cropped wp-block-gallery-1 is-layout-flex wp-block-gallery-is-layout-flex\">\n<figure class=\"wp-block-image size-large\"><img loading=\"lazy\" decoding=\"async\" width=\"1024\" height=\"683\" data-id=\"2386\" src=\"https:\/\/trachtenverein-reischach.de\/wp-content\/uploads\/2025\/09\/Gruppenbild-1024x683.jpg\" alt=\"\" class=\"wp-image-2386\" srcset=\"https:\/\/trachtenverein-reischach.de\/wp-content\/uploads\/2025\/09\/Gruppenbild-1024x683.jpg 1024w, https:\/\/trachtenverein-reischach.de\/wp-content\/uploads\/2025\/09\/Gruppenbild-300x200.jpg 300w, https:\/\/trachtenverein-reischach.de\/wp-content\/uploads\/2025\/09\/Gruppenbild-768x512.jpg 768w, https:\/\/trachtenverein-reischach.de\/wp-content\/uploads\/2025\/09\/Gruppenbild-1536x1025.jpg 1536w, https:\/\/trachtenverein-reischach.de\/wp-content\/uploads\/2025\/09\/Gruppenbild.jpg 2048w\" sizes=\"auto, (max-width: 1024px) 100vw, 1024px\" \/><\/figure>\n<\/figure>\n\n\n\n<p>Am vergangenen Wochenende unternahm der Trachtenverein Reischach nach mehrj\u00e4hriger Pause einen unvergesslichen 2-t\u00e4gigen Vereinsausflug. Ziel war das malerische tschechische UNESCO-Weltkulturerbe Krumau, ein Ort voller Geschichte und Kultur. Am Samstagmorgen brach man voller Vorfreude Richtung Passau auf, wo man einen kurzen Stopp zum traditionellen Wei\u00dfwurstfr\u00fchst\u00fcck einlegte, bevor man gest\u00e4rkt den Weg nach Krumau antrat. Nach der Ankunft erwartete uns eine spannende Stadtf\u00fchrung. Die Sch\u00f6nheit der Altstadt, sowie die imposante Burganlage \u010cesk\u00fd Krumlov, die majest\u00e4tisch \u00fcber der Moldauschleife thront, beeindruckten alle. Auch die ber\u00fchmte Mantelbr\u00fccke, ein weiteres Highlight der Stadt, wurde bestaunt. Nach der F\u00fchrung kehrten wir zu einem gemeinsamen Mittagessen in der N\u00e4he der Moldau ein, wo man die ersten Eindr\u00fccke des Tages bei gutem Essen Revue passieren lie\u00df. Anschlie\u00dfend wurden die Zimmer im Hotel bezogen und man hatte etwas Zeit zur freien Verf\u00fcgung, bevor ein aufregendes Abendprogramm auf uns wartete. Eine einst\u00fcndige Flo\u00dffahrt mit einem alten Holzfloss auf der Moldau stand auf dem Plan. W\u00e4hrend dieser Fahrt durch die idyllische Landschaft erfuhren wir viel \u00fcber die interessante Geschichte von Krumau. Den Abend lie\u00df man dann bei einem gemeinsamen Abendessen ausklingen, gefolgt von angeregten Gespr\u00e4chen, k\u00f6stlichen Cocktails und Tanz. Gest\u00e4rkt vom Fr\u00fchst\u00fcck traf man sich am Sonntagmorgen zu einer Schlossf\u00fchrung. Hierbei erfuhren wir viel \u00fcber die unterschiedlichen b\u00f6hmischen Adelsh\u00e4user und deren bedeutenden Ereignisse, die die Stadt gepr\u00e4gt haben. Besonders beeindruckend waren die R\u00e4umlichkeiten des Schlosses, darunter auch die eindrucksvolle St. Georgs-Kapelle und der Schlossgarten mit seinem atemberaubenden Blick. Die Freilichttheaterb\u00fchne mit drehbarem Zuschauerraum war ein weiteres Highlight. Nach der F\u00fchrung fuhr man Richtung Moldaustausee, wo man ein gemeinsames Mittagessen einnahm, bevor die R\u00fcckreise nach Reischach angetreten wurde. Alle Beteiligten waren sich einig, dass es ein sehr sch\u00f6ner und gelungener Ausflug, der viele positive Erinnerungen hinterlie\u00df. Die Vorfreude auf das n\u00e4chste gemeinsame Reiseziel ist bereits sp\u00fcrbar, und man plant schon den n\u00e4chsten Ausflug.<\/p>\n\n\n\n<p>Andrea Wimmer<\/p>\n\n\n\n<figure class=\"wp-block-image size-large\"><img loading=\"lazy\" decoding=\"async\" width=\"1024\" height=\"768\" src=\"https:\/\/trachtenverein-reischach.de\/wp-content\/uploads\/2025\/09\/Flossfahrt-1024x768.jpg\" alt=\"\" class=\"wp-image-2387\" srcset=\"https:\/\/trachtenverein-reischach.de\/wp-content\/uploads\/2025\/09\/Flossfahrt-1024x768.jpg 1024w, https:\/\/trachtenverein-reischach.de\/wp-content\/uploads\/2025\/09\/Flossfahrt-300x225.jpg 300w, https:\/\/trachtenverein-reischach.de\/wp-content\/uploads\/2025\/09\/Flossfahrt-768x576.jpg 768w, https:\/\/trachtenverein-reischach.de\/wp-content\/uploads\/2025\/09\/Flossfahrt-1536x1152.jpg 1536w, https:\/\/trachtenverein-reischach.de\/wp-content\/uploads\/2025\/09\/Flossfahrt.jpg 2048w\" sizes=\"auto, (max-width: 1024px) 100vw, 1024px\" \/><\/figure>\n","protected":false},"excerpt":{"rendered":"<p>Am vergangenen Wochenende unternahm der Trachtenverein Reischach nach mehrj\u00e4hriger Pause einen unvergesslichen 2-t\u00e4gigen Vereinsausflug. Ziel war das malerische tschechische UNESCO-Weltkulturerbe Krumau, ein Ort voller Geschichte und Kultur. Am Samstagmorgen brach man voller Vorfreude Richtung Passau auf, wo man einen kurzen Stopp zum traditionellen Wei\u00dfwurstfr\u00fchst\u00fcck einlegte, bevor man gest\u00e4rkt den Weg nach Krumau antrat. Nach der &#8230; <a title=\"Vereinsausflug 2025\" class=\"read-more\" href=\"https:\/\/trachtenverein-reischach.de\/?p=2385\" aria-label=\"Mehr Informationen \u00fcber Vereinsausflug 2025\">Weiterlesen<\/a><\/p>\n","protected":false},"author":1,"featured_media":2386,"comment_status":"closed","ping_status":"closed","sticky":false,"template":"","format":"standard","meta":{"pgc_sgb_lightbox_settings":"","footnotes":""},"categories":[13],"tags":[],"class_list":["post-2385","post","type-post","status-publish","format-standard","has-post-thumbnail","hentry","category-archiv-verein"],"_links":{"self":[{"href":"https:\/\/trachtenverein-reischach.de\/index.php?rest_route=\/wp\/v2\/posts\/2385","targetHints":{"allow":["GET"]}}],"collection":[{"href":"https:\/\/trachtenverein-reischach.de\/index.php?rest_route=\/wp\/v2\/posts"}],"about":[{"href":"https:\/\/trachtenverein-reischach.de\/index.php?rest_route=\/wp\/v2\/types\/post"}],"author":[{"embeddable":true,"href":"https:\/\/trachtenverein-reischach.de\/index.php?rest_route=\/wp\/v2\/users\/1"}],"replies":[{"embeddable":true,"href":"https:\/\/trachtenverein-reischach.de\/index.php?rest_route=%2Fwp%2Fv2%2Fcomments&post=2385"}],"version-history":[{"count":0,"href":"https:\/\/trachtenverein-reischach.de\/index.php?rest_route=\/wp\/v2\/posts\/2385\/revisions"}],"wp:featuredmedia":[{"embeddable":true,"href":"https:\/\/trachtenverein-reischach.de\/index.php?rest_route=\/wp\/v2\/media\/2386"}],"wp:attachment":[{"href":"https:\/\/trachtenverein-reischach.de\/index.php?rest_route=%2Fwp%2Fv2%2Fmedia&parent=2385"}],"wp:term":[{"taxonomy":"category","embeddable":true,"href":"https:\/\/trachtenverein-reischach.de\/index.php?rest_route=%2Fwp%2Fv2%2Fcategories&post=2385"},{"taxonomy":"post_tag","embeddable":true,"href":"https:\/\/trachtenverein-reischach.de\/index.php?rest_route=%2Fwp%2Fv2%2Ftags&post=2385"}],"curies":[{"name":"wp","href":"https:\/\/api.w.org\/{rel}","templated":true}]}}