{"id":2329,"date":"2025-04-27T14:10:23","date_gmt":"2025-04-27T12:10:23","guid":{"rendered":"https:\/\/trachtenverein-reischach.de\/?p=2329"},"modified":"2025-04-27T14:44:10","modified_gmt":"2025-04-27T12:44:10","slug":"theater-fruehjahr-2025","status":"publish","type":"post","link":"https:\/\/trachtenverein-reischach.de\/?p=2329","title":{"rendered":"Theater Fr\u00fchjahr 2025"},"content":{"rendered":"\n<p>Die Reischinga Trachtlerb\u00fchne vom Trachtenverein Reischach spielte im April mit gro\u00dfem Erfolg das St\u00fcck \u201eHulahupp und Himbeerguatl\u201c!<\/p>\n\n\n\n<p>Wir m\u00f6chten uns alle sehr herzlich bei den zahlreichen Besuchern unseres St\u00fcckes bedanken!<\/p>\n\n\n\n<p>Die Darsteller waren:<\/p>\n\n\n\n<p>Olga Unterhuber, Michaela Wagner, Veronika Latta, Laura Bruckner,  Simon Kleinillenberger, Andreas Ebner, Johannes Strasser, Thomas Werkstetter.<\/p>\n\n\n\n<p>Regie\/Soffleuse: Hilde Baumer, Tontechnik: Hans Kaiser, Lichttechnik: Klaus Walter<\/p>\n\n\n\n<p>Frisuren: Sabrina Kaiser,  Maske: Iris Vitzthum, Elisabeth Sigl, Elke Walter<\/p>\n\n\n\n<p>B\u00fchnenbau: Markus Baumer, Lorenz Kellhuber, Manfred Unterhuber, Christian Mooshammer<\/p>\n\n\n\n<p>Ein Vergelt`s Gott auch an unsere Sponsoren aus Reischach:<\/p>\n\n\n\n<p>Familie Bauer-Oberwallner, B\u00e4ckerei Bruckmeier, Maler Maier<\/p>\n\n\n\n<p>Weitere Bilder unter &#8220;Bilder&#8221; im gesch\u00fctzten Bereich<\/p>\n\n\n\n<p>Richard Mooshammer<\/p>\n\n\n\n<p>-Theaterleiter-<\/p>\n","protected":false},"excerpt":{"rendered":"<p>Die Reischinga Trachtlerb\u00fchne vom Trachtenverein Reischach spielte im April mit gro\u00dfem Erfolg das St\u00fcck \u201eHulahupp und Himbeerguatl\u201c!<br \/>\nDie Darsteller waren:<\/p>\n<p>Olga Unterhuber, Michaela Wagner, Veronika Latta, Laura Bruckner,  Simon Kleinillenberger, Andreas Ebner, Johannes Strasser, Thomas Werkstetter.<\/p>\n<p>Regie\/Soffleuse: Hilde Baumer, Tontechnik: Hans Kaiser, Lichttechnik: Klaus Walter<\/p>\n<p>Frisuren: Sabrina Kaiser,  Maske: Iris Vitzthum, Elisabeth Sigl, Elke Walter<\/p>\n<p>B\u00fchnenbau: Markus Baumer, Lorenz Kellhuber, Manfred Unterhuber, Christian Mooshammer<\/p>\n<p>Ein Vergelt`s Gott auch an unsere Sponsoren aus Reischach:<\/p>\n<p>Familie Bauer-Oberwallner, B\u00e4ckerei Bruckmeier, Maler Maier<\/p>\n<p>Richard Mooshammer<br \/>\n-Theaterleiter-<\/p>\n<p>Wir m\u00f6chten uns alle sehr herzlich bei den zahlreichen Besuchern unseres St\u00fcckes bedanken!<\/p>\n","protected":false},"author":53,"featured_media":2330,"comment_status":"closed","ping_status":"closed","sticky":false,"template":"","format":"standard","meta":{"pgc_sgb_lightbox_settings":"","footnotes":""},"categories":[13],"tags":[],"class_list":["post-2329","post","type-post","status-publish","format-standard","has-post-thumbnail","hentry","category-archiv-verein"],"_links":{"self":[{"href":"https:\/\/trachtenverein-reischach.de\/index.php?rest_route=\/wp\/v2\/posts\/2329","targetHints":{"allow":["GET"]}}],"collection":[{"href":"https:\/\/trachtenverein-reischach.de\/index.php?rest_route=\/wp\/v2\/posts"}],"about":[{"href":"https:\/\/trachtenverein-reischach.de\/index.php?rest_route=\/wp\/v2\/types\/post"}],"author":[{"embeddable":true,"href":"https:\/\/trachtenverein-reischach.de\/index.php?rest_route=\/wp\/v2\/users\/53"}],"replies":[{"embeddable":true,"href":"https:\/\/trachtenverein-reischach.de\/index.php?rest_route=%2Fwp%2Fv2%2Fcomments&post=2329"}],"version-history":[{"count":0,"href":"https:\/\/trachtenverein-reischach.de\/index.php?rest_route=\/wp\/v2\/posts\/2329\/revisions"}],"wp:featuredmedia":[{"embeddable":true,"href":"https:\/\/trachtenverein-reischach.de\/index.php?rest_route=\/wp\/v2\/media\/2330"}],"wp:attachment":[{"href":"https:\/\/trachtenverein-reischach.de\/index.php?rest_route=%2Fwp%2Fv2%2Fmedia&parent=2329"}],"wp:term":[{"taxonomy":"category","embeddable":true,"href":"https:\/\/trachtenverein-reischach.de\/index.php?rest_route=%2Fwp%2Fv2%2Fcategories&post=2329"},{"taxonomy":"post_tag","embeddable":true,"href":"https:\/\/trachtenverein-reischach.de\/index.php?rest_route=%2Fwp%2Fv2%2Ftags&post=2329"}],"curies":[{"name":"wp","href":"https:\/\/api.w.org\/{rel}","templated":true}]}}