{"id":2242,"date":"2025-01-27T18:51:16","date_gmt":"2025-01-27T17:51:16","guid":{"rendered":"https:\/\/trachtenverein-reischach.de\/?p=2242"},"modified":"2025-01-27T18:51:19","modified_gmt":"2025-01-27T17:51:19","slug":"der-fasching-hat-begonnen","status":"publish","type":"post","link":"https:\/\/trachtenverein-reischach.de\/?p=2242","title":{"rendered":"Der Fasching hat begonnen!"},"content":{"rendered":"\n<p>Beim Trachtlerball war f\u00fcr Faschingsbegeisterte viel geboten. Ewald und Babsi spielten flei\u00dfig zum Tanz auf. Beim Sketch &#8220;1, 2 oder 3&#8221; gab es bei der Beantwortung von Fragen aus dem Jubil\u00e4umsjahr, dem Trachtenverein und dem Dorfgeschehen viel zu lachen. Bei der Tombola konnte man sein Gl\u00fcck auf die Probe stellen. Tosenden Applaus erhielt die Mitterskirchener M\u00e4nnershowtanzgruppe &#8220;Habaneros&#8221;. An der Bar war bis sp\u00e4t in der Nacht viel los.<\/p>\n","protected":false},"excerpt":{"rendered":"<p>Beim Trachtlerball war f\u00fcr Faschingsbegeisterte viel geboten. Ewald und Babsi spielten flei\u00dfig zum Tanz auf. Beim Sketch &#8220;1, 2 oder 3&#8221; gab es bei der Beantwortung von Fragen aus dem Jubil\u00e4umsjahr, dem Trachtenverein und dem Dorfgeschehen viel zu lachen. Bei der Tombola konnte man sein Gl\u00fcck auf die Probe stellen. Tosenden Applaus erhielt die Mitterskirchener &#8230; <a title=\"Der Fasching hat begonnen!\" class=\"read-more\" href=\"https:\/\/trachtenverein-reischach.de\/?p=2242\" aria-label=\"Mehr Informationen \u00fcber Der Fasching hat begonnen!\">Weiterlesen<\/a><\/p>\n","protected":false},"author":42,"featured_media":2243,"comment_status":"closed","ping_status":"closed","sticky":false,"template":"","format":"standard","meta":{"pgc_sgb_lightbox_settings":"","footnotes":""},"categories":[4,16],"tags":[],"class_list":["post-2242","post","type-post","status-publish","format-standard","has-post-thumbnail","hentry","category-aktuelles","category-archiv-aktive"],"_links":{"self":[{"href":"https:\/\/trachtenverein-reischach.de\/index.php?rest_route=\/wp\/v2\/posts\/2242","targetHints":{"allow":["GET"]}}],"collection":[{"href":"https:\/\/trachtenverein-reischach.de\/index.php?rest_route=\/wp\/v2\/posts"}],"about":[{"href":"https:\/\/trachtenverein-reischach.de\/index.php?rest_route=\/wp\/v2\/types\/post"}],"author":[{"embeddable":true,"href":"https:\/\/trachtenverein-reischach.de\/index.php?rest_route=\/wp\/v2\/users\/42"}],"replies":[{"embeddable":true,"href":"https:\/\/trachtenverein-reischach.de\/index.php?rest_route=%2Fwp%2Fv2%2Fcomments&post=2242"}],"version-history":[{"count":0,"href":"https:\/\/trachtenverein-reischach.de\/index.php?rest_route=\/wp\/v2\/posts\/2242\/revisions"}],"wp:featuredmedia":[{"embeddable":true,"href":"https:\/\/trachtenverein-reischach.de\/index.php?rest_route=\/wp\/v2\/media\/2243"}],"wp:attachment":[{"href":"https:\/\/trachtenverein-reischach.de\/index.php?rest_route=%2Fwp%2Fv2%2Fmedia&parent=2242"}],"wp:term":[{"taxonomy":"category","embeddable":true,"href":"https:\/\/trachtenverein-reischach.de\/index.php?rest_route=%2Fwp%2Fv2%2Fcategories&post=2242"},{"taxonomy":"post_tag","embeddable":true,"href":"https:\/\/trachtenverein-reischach.de\/index.php?rest_route=%2Fwp%2Fv2%2Ftags&post=2242"}],"curies":[{"name":"wp","href":"https:\/\/api.w.org\/{rel}","templated":true}]}}