{"id":2206,"date":"2024-11-01T16:04:08","date_gmt":"2024-11-01T15:04:08","guid":{"rendered":"https:\/\/trachtenverein-reischach.de\/?p=2206"},"modified":"2024-11-01T16:04:11","modified_gmt":"2024-11-01T15:04:11","slug":"fest-abschluss-fest","status":"publish","type":"post","link":"https:\/\/trachtenverein-reischach.de\/?p=2206","title":{"rendered":"Fest Abschluss Fest"},"content":{"rendered":"\n<p>Als Dank f\u00fcr die Mitarbeit beim Gr\u00fcndungsjubil\u00e4um durften wir die vielen Helfer und Arbeiter zum Abschlussfest in unser Vereinsheim einladen. Nach einer kurzen Begr\u00fc\u00dfung und Ansprache durch Festleiter Thomas Werkstetter wurde der Hunger gestillt. Beim gem\u00fctlichen Zusammensein wurde die eine oder andere Anektode vom Fest ausgetauscht. F\u00fcr die vielen Stunden ihrer Arbeit bedankte sich der Festleiter bei der Trachtenwartin Roaemarie Kaiser. An der Bar ging die Feier bis in die fr\u00fchen Morgenstunden. Die zus\u00e4tzliche Stunde aufgrund der Zeitumstellung wurde gut genutzt. Es war ein gelungener Abschluss unseres Jubil\u00e4ums. Vielen Dank nochmal an alle Helfer!<\/p>\n\n\n\n<p><\/p>\n","protected":false},"excerpt":{"rendered":"<p>Als Dank f\u00fcr die Mitarbeit beim Gr\u00fcndungsjubil\u00e4um durften wir die vielen Helfer und Arbeiter zum Abschlussfest in unser Vereinsheim einladen. Nach einer kurzen Begr\u00fc\u00dfung und Ansprache durch Festleiter Thomas Werkstetter wurde der Hunger gestillt. Beim gem\u00fctlichen Zusammensein wurde die eine oder andere Anektode vom Fest ausgetauscht. F\u00fcr die vielen Stunden ihrer Arbeit bedankte sich der &#8230; <a title=\"Fest Abschluss Fest\" class=\"read-more\" href=\"https:\/\/trachtenverein-reischach.de\/?p=2206\" aria-label=\"Mehr Informationen \u00fcber Fest Abschluss Fest\">Weiterlesen<\/a><\/p>\n","protected":false},"author":42,"featured_media":2208,"comment_status":"closed","ping_status":"closed","sticky":false,"template":"","format":"standard","meta":{"pgc_sgb_lightbox_settings":"","footnotes":""},"categories":[4,89],"tags":[],"class_list":["post-2206","post","type-post","status-publish","format-standard","has-post-thumbnail","hentry","category-aktuelles","category-fest-2024"],"_links":{"self":[{"href":"https:\/\/trachtenverein-reischach.de\/index.php?rest_route=\/wp\/v2\/posts\/2206","targetHints":{"allow":["GET"]}}],"collection":[{"href":"https:\/\/trachtenverein-reischach.de\/index.php?rest_route=\/wp\/v2\/posts"}],"about":[{"href":"https:\/\/trachtenverein-reischach.de\/index.php?rest_route=\/wp\/v2\/types\/post"}],"author":[{"embeddable":true,"href":"https:\/\/trachtenverein-reischach.de\/index.php?rest_route=\/wp\/v2\/users\/42"}],"replies":[{"embeddable":true,"href":"https:\/\/trachtenverein-reischach.de\/index.php?rest_route=%2Fwp%2Fv2%2Fcomments&post=2206"}],"version-history":[{"count":0,"href":"https:\/\/trachtenverein-reischach.de\/index.php?rest_route=\/wp\/v2\/posts\/2206\/revisions"}],"wp:featuredmedia":[{"embeddable":true,"href":"https:\/\/trachtenverein-reischach.de\/index.php?rest_route=\/wp\/v2\/media\/2208"}],"wp:attachment":[{"href":"https:\/\/trachtenverein-reischach.de\/index.php?rest_route=%2Fwp%2Fv2%2Fmedia&parent=2206"}],"wp:term":[{"taxonomy":"category","embeddable":true,"href":"https:\/\/trachtenverein-reischach.de\/index.php?rest_route=%2Fwp%2Fv2%2Fcategories&post=2206"},{"taxonomy":"post_tag","embeddable":true,"href":"https:\/\/trachtenverein-reischach.de\/index.php?rest_route=%2Fwp%2Fv2%2Ftags&post=2206"}],"curies":[{"name":"wp","href":"https:\/\/api.w.org\/{rel}","templated":true}]}}