{"id":2108,"date":"2024-05-23T16:42:29","date_gmt":"2024-05-23T14:42:29","guid":{"rendered":"https:\/\/trachtenverein-reischach.de\/?p=2108"},"modified":"2024-05-23T16:42:32","modified_gmt":"2024-05-23T14:42:32","slug":"bierprobe-fuers-fest","status":"publish","type":"post","link":"https:\/\/trachtenverein-reischach.de\/?p=2108","title":{"rendered":"Bierprobe f\u00fcr`s Fest"},"content":{"rendered":"<div class=\"wp-block-post-excerpt\"><p class=\"wp-block-post-excerpt__excerpt\">Trachtler bereiten sich auf das Gr\u00fcndungsfest vor\u00a0Die Brauerei-Familie Berger mit Karl und Christine Berger sowie Katharina Berger luden den Festausschuss des Trachtenverein Reischach zu einer Bierprobe ein. Neben Schirmherr Alfred Stockner ist auch Festwirt Patrick Simml gerne der Einladung gefolgt.Bei einer Brauereibesichtigung gab Karl Berger interessante Einblicke in die Herstellung des Festbieres. Das macht durstig&hellip; <\/p><\/div>\n\n\n<figure class=\"wp-block-image size-large\"><img loading=\"lazy\" decoding=\"async\" width=\"1024\" height=\"683\" src=\"https:\/\/trachtenverein-reischach.de\/wp-content\/uploads\/2024\/05\/Tr.-Bierprobe-Fest-24_0001-1024x683.jpg\" alt=\"\" class=\"wp-image-2110\" srcset=\"https:\/\/trachtenverein-reischach.de\/wp-content\/uploads\/2024\/05\/Tr.-Bierprobe-Fest-24_0001-1024x683.jpg 1024w, https:\/\/trachtenverein-reischach.de\/wp-content\/uploads\/2024\/05\/Tr.-Bierprobe-Fest-24_0001-300x200.jpg 300w, https:\/\/trachtenverein-reischach.de\/wp-content\/uploads\/2024\/05\/Tr.-Bierprobe-Fest-24_0001-768x512.jpg 768w, https:\/\/trachtenverein-reischach.de\/wp-content\/uploads\/2024\/05\/Tr.-Bierprobe-Fest-24_0001-1536x1025.jpg 1536w, https:\/\/trachtenverein-reischach.de\/wp-content\/uploads\/2024\/05\/Tr.-Bierprobe-Fest-24_0001-2048x1367.jpg 2048w\" sizes=\"auto, (max-width: 1024px) 100vw, 1024px\" \/><\/figure>\n\n\n\n<p><em>Foto1: Brauer Karl Berger und Katharina Berger \/ Schirmherr Alfred Stockner \/ Festleiter Thomas Werkstetter \/ Festwirt Patrick Simml \/ stellv. Festleiter Gerhard Wimmer<\/em><\/p>\n\n\n\n<figure class=\"wp-block-image size-large\"><img loading=\"lazy\" decoding=\"async\" width=\"1024\" height=\"683\" src=\"https:\/\/trachtenverein-reischach.de\/wp-content\/uploads\/2024\/05\/Tr.-Bierprobe-Fest-24_0006-2-1024x683.jpg\" alt=\"\" class=\"wp-image-2112\" srcset=\"https:\/\/trachtenverein-reischach.de\/wp-content\/uploads\/2024\/05\/Tr.-Bierprobe-Fest-24_0006-2-1024x683.jpg 1024w, https:\/\/trachtenverein-reischach.de\/wp-content\/uploads\/2024\/05\/Tr.-Bierprobe-Fest-24_0006-2-300x200.jpg 300w, https:\/\/trachtenverein-reischach.de\/wp-content\/uploads\/2024\/05\/Tr.-Bierprobe-Fest-24_0006-2-768x512.jpg 768w, https:\/\/trachtenverein-reischach.de\/wp-content\/uploads\/2024\/05\/Tr.-Bierprobe-Fest-24_0006-2-1536x1025.jpg 1536w, https:\/\/trachtenverein-reischach.de\/wp-content\/uploads\/2024\/05\/Tr.-Bierprobe-Fest-24_0006-2-2048x1367.jpg 2048w\" sizes=\"auto, (max-width: 1024px) 100vw, 1024px\" \/><\/figure>\n\n\n\n<p><em>Foto 2: Brauereifamilie Berger, Festausschuss, Schirmherr Alfred Stockner, Ehrenmitglieder und Schankkellner<\/em><\/p>\n","protected":false},"excerpt":{"rendered":"<p><strong>Trachtler bereiten sich auf das Gr\u00fcndungsfest vor<\/strong><br \/>\u00a0<br \/>Die Brauerei-Familie Berger mit Karl und Christine Berger sowie Katharina Berger luden den Festausschuss des Trachtenverein Reischach zu einer Bierprobe ein. Neben Schirmherr Alfred Stockner ist auch Festwirt Patrick Simml gerne der Einladung gefolgt.<br \/>Bei einer Brauereibesichtigung gab Karl Berger interessante Einblicke in die Herstellung des Festbieres. Das macht durstig und so durften die Anwesenden eine Kostprobe nehmen.<br \/>Mit einer Stammw\u00fcrze von ca. 13,8 % und dem Hallertauer Dolden-Hopfen aus der Hallertau schmeckt das bernsteinfarbene M\u00e4rzen sehr s\u00fcffig und w\u00fcrzig. Bei der sp\u00e4teren Brotzeit im Gasthaus Berger war sich der Festausschuss einig: mit diesem vollmundigen Festbier steht einem gelungenen Fest nichts mehr im Weg!<br \/>Die Bierprobe hat n\u00e4mlich einen besonderen Anlass:<br \/>\u00a0<br \/>Der Trachtenverein Reischach feiert vom 15.06.24 bis 23.06.24 sein 75. j\u00e4hriges Bestehen.<br \/>Im Festzelt am Sportplatz startet der Feierreigen am 15.06.24 mit dem Fest-M\u00e4rzen-Fest. Boarisch X spielt zu diesem Dultabend auf.<br \/>Am 20.06.24 zeigt das Musik-Kabarett \u201eDa Huawa und I\u201c ihr Programm \u201edrah di um\u201c. Das Duo ist bekannt f\u00fcr die lustigen Musikst\u00fccke und werden f\u00fcr einen kurzweiligen Abend sorgen.<br \/>Am 22.06.24 findet nach dem Totengedenken der Festheimatabend statt. Dabei zeigen die Gruppen des Vereins ihr K\u00f6nnen. Aber auch weitere Musik- u. Gesangsgruppen umrahmen diesen Brauchtums-Abend.<br \/>Am Sonntag, den 23.06.24 findet der H\u00f6hepunkt des Festes statt. Nach dem Feldgottesdienst pr\u00e4sentieren sich \u00fcber 40 Vereine mit ihren Fahnen im Festzug durch das Dorf. Nach R\u00fcckkehr ins Festzelt und gemeinsamen Mittagsessen finden noch die Ehrent\u00e4nze statt.<br \/>Die Reischachtaler freuen sich auf zahlreichen Besuch.<\/p>\n","protected":false},"author":1,"featured_media":0,"comment_status":"closed","ping_status":"closed","sticky":false,"template":"","format":"standard","meta":{"pgc_sgb_lightbox_settings":"","footnotes":""},"categories":[13],"tags":[],"class_list":["post-2108","post","type-post","status-publish","format-standard","hentry","category-archiv-verein"],"_links":{"self":[{"href":"https:\/\/trachtenverein-reischach.de\/index.php?rest_route=\/wp\/v2\/posts\/2108","targetHints":{"allow":["GET"]}}],"collection":[{"href":"https:\/\/trachtenverein-reischach.de\/index.php?rest_route=\/wp\/v2\/posts"}],"about":[{"href":"https:\/\/trachtenverein-reischach.de\/index.php?rest_route=\/wp\/v2\/types\/post"}],"author":[{"embeddable":true,"href":"https:\/\/trachtenverein-reischach.de\/index.php?rest_route=\/wp\/v2\/users\/1"}],"replies":[{"embeddable":true,"href":"https:\/\/trachtenverein-reischach.de\/index.php?rest_route=%2Fwp%2Fv2%2Fcomments&post=2108"}],"version-history":[{"count":0,"href":"https:\/\/trachtenverein-reischach.de\/index.php?rest_route=\/wp\/v2\/posts\/2108\/revisions"}],"wp:attachment":[{"href":"https:\/\/trachtenverein-reischach.de\/index.php?rest_route=%2Fwp%2Fv2%2Fmedia&parent=2108"}],"wp:term":[{"taxonomy":"category","embeddable":true,"href":"https:\/\/trachtenverein-reischach.de\/index.php?rest_route=%2Fwp%2Fv2%2Fcategories&post=2108"},{"taxonomy":"post_tag","embeddable":true,"href":"https:\/\/trachtenverein-reischach.de\/index.php?rest_route=%2Fwp%2Fv2%2Ftags&post=2108"}],"curies":[{"name":"wp","href":"https:\/\/api.w.org\/{rel}","templated":true}]}}