{"id":2011,"date":"2024-03-05T11:13:30","date_gmt":"2024-03-05T10:13:30","guid":{"rendered":"https:\/\/trachtenverein-reischach.de\/?p=2011"},"modified":"2024-03-05T11:13:33","modified_gmt":"2024-03-05T10:13:33","slug":"gscheid-frisiert-und-gschickt-zum-gruendungsjubilaeum","status":"publish","type":"post","link":"https:\/\/trachtenverein-reischach.de\/?p=2011","title":{"rendered":"gscheid frisiert und gschickt zum Gr\u00fcndungsjubil\u00e4um"},"content":{"rendered":"\n<p>Unter diesem Motto trafen sich vergangenen Freitag, den 1. M\u00e4rz 2024, einige Trachtlerinnen zum Gretl- und Frisurenkurs. Zw\u00f6lf Teilnehmerinnen fanden sich dazu im Vereinsheim der Trachtler ein.<\/p>\n\n\n\n<p>\u201eWie geht des das i meine kurzen Haar aufesteck?\u201c<\/p>\n\n\n\n<p>\u201eWie toupier i den Ansatz richtig?\u201c<\/p>\n\n\n\n<p>\u201eWie muas i denn higlanga das der zwoate Zopf gschei hoid?\u201c<\/p>\n\n\n\n<p>\u201eWie flecht ich meine eigenen langen Haar dazua?\u201c<\/p>\n\n\n\n<p>Diese und viele weitere Fragen konnten unter Anleitung von Tanja Werkstetter, Regina Hofbauer und Inge Wimmer beantwortet werden. Viele zahlreiche Tipps und Tricks gab es aber nicht nur zur Gretlfrisur, es wurden auch einige andere Flechtfrisuren zum Dirndl gezeigt.<\/p>\n\n\n\n<p>Am Ende des geselligen Abends war es jeder der Frauen und M\u00e4dchen m\u00f6glich sich eigenst\u00e4ndig eine fesche Gretl zu frisieren.<\/p>\n\n\n\n<p class=\"has-text-align-right\">Regina Hofbauer<\/p>\n\n\n\n<figure class=\"wp-block-gallery has-nested-images columns-default is-cropped wp-block-gallery-1 is-layout-flex wp-block-gallery-is-layout-flex\">\n<figure class=\"wp-block-image size-large is-style-default\"><img loading=\"lazy\" decoding=\"async\" width=\"1024\" height=\"768\" data-id=\"2016\" src=\"https:\/\/trachtenverein-reischach.de\/wp-content\/uploads\/2024\/03\/Gretlkurs_1.3.24-1-1024x768.jpg\" alt=\"\" class=\"wp-image-2016\" srcset=\"https:\/\/trachtenverein-reischach.de\/wp-content\/uploads\/2024\/03\/Gretlkurs_1.3.24-1-1024x768.jpg 1024w, https:\/\/trachtenverein-reischach.de\/wp-content\/uploads\/2024\/03\/Gretlkurs_1.3.24-1-300x225.jpg 300w, https:\/\/trachtenverein-reischach.de\/wp-content\/uploads\/2024\/03\/Gretlkurs_1.3.24-1-768x576.jpg 768w, https:\/\/trachtenverein-reischach.de\/wp-content\/uploads\/2024\/03\/Gretlkurs_1.3.24-1-1536x1152.jpg 1536w, https:\/\/trachtenverein-reischach.de\/wp-content\/uploads\/2024\/03\/Gretlkurs_1.3.24-1-2048x1536.jpg 2048w\" sizes=\"auto, (max-width: 1024px) 100vw, 1024px\" \/><\/figure>\n\n\n\n<figure class=\"wp-block-image size-large\"><img loading=\"lazy\" decoding=\"async\" width=\"1024\" height=\"768\" data-id=\"2015\" src=\"https:\/\/trachtenverein-reischach.de\/wp-content\/uploads\/2024\/03\/Gretlkurs_1.3.24-2-1024x768.jpg\" alt=\"\" class=\"wp-image-2015\" srcset=\"https:\/\/trachtenverein-reischach.de\/wp-content\/uploads\/2024\/03\/Gretlkurs_1.3.24-2-1024x768.jpg 1024w, https:\/\/trachtenverein-reischach.de\/wp-content\/uploads\/2024\/03\/Gretlkurs_1.3.24-2-300x225.jpg 300w, https:\/\/trachtenverein-reischach.de\/wp-content\/uploads\/2024\/03\/Gretlkurs_1.3.24-2-768x576.jpg 768w, https:\/\/trachtenverein-reischach.de\/wp-content\/uploads\/2024\/03\/Gretlkurs_1.3.24-2-1536x1152.jpg 1536w, https:\/\/trachtenverein-reischach.de\/wp-content\/uploads\/2024\/03\/Gretlkurs_1.3.24-2-2048x1536.jpg 2048w\" sizes=\"auto, (max-width: 1024px) 100vw, 1024px\" \/><\/figure>\n\n\n\n<figure class=\"wp-block-image size-large\"><img loading=\"lazy\" decoding=\"async\" width=\"768\" height=\"1024\" data-id=\"2014\" src=\"https:\/\/trachtenverein-reischach.de\/wp-content\/uploads\/2024\/03\/Gretlkurs_1.3.24-3-768x1024.jpeg\" alt=\"\" class=\"wp-image-2014\" srcset=\"https:\/\/trachtenverein-reischach.de\/wp-content\/uploads\/2024\/03\/Gretlkurs_1.3.24-3-768x1024.jpeg 768w, https:\/\/trachtenverein-reischach.de\/wp-content\/uploads\/2024\/03\/Gretlkurs_1.3.24-3-225x300.jpeg 225w, https:\/\/trachtenverein-reischach.de\/wp-content\/uploads\/2024\/03\/Gretlkurs_1.3.24-3-1152x1536.jpeg 1152w, https:\/\/trachtenverein-reischach.de\/wp-content\/uploads\/2024\/03\/Gretlkurs_1.3.24-3.jpeg 1536w\" sizes=\"auto, (max-width: 768px) 100vw, 768px\" \/><\/figure>\n\n\n\n<figure class=\"wp-block-image size-large\"><img loading=\"lazy\" decoding=\"async\" width=\"1024\" height=\"768\" data-id=\"2018\" src=\"https:\/\/trachtenverein-reischach.de\/wp-content\/uploads\/2024\/03\/Gretlkurs_1.3.24-3-1024x768.jpg\" alt=\"\" class=\"wp-image-2018\" srcset=\"https:\/\/trachtenverein-reischach.de\/wp-content\/uploads\/2024\/03\/Gretlkurs_1.3.24-3-1024x768.jpg 1024w, https:\/\/trachtenverein-reischach.de\/wp-content\/uploads\/2024\/03\/Gretlkurs_1.3.24-3-300x225.jpg 300w, https:\/\/trachtenverein-reischach.de\/wp-content\/uploads\/2024\/03\/Gretlkurs_1.3.24-3-768x576.jpg 768w, https:\/\/trachtenverein-reischach.de\/wp-content\/uploads\/2024\/03\/Gretlkurs_1.3.24-3-1536x1152.jpg 1536w, https:\/\/trachtenverein-reischach.de\/wp-content\/uploads\/2024\/03\/Gretlkurs_1.3.24-3-2048x1536.jpg 2048w\" sizes=\"auto, (max-width: 1024px) 100vw, 1024px\" \/><\/figure>\n\n\n\n<figure class=\"wp-block-image size-large\"><img loading=\"lazy\" decoding=\"async\" width=\"768\" height=\"1024\" data-id=\"2013\" src=\"https:\/\/trachtenverein-reischach.de\/wp-content\/uploads\/2024\/03\/Gretlkurs_1.3.24-4-768x1024.jpeg\" alt=\"\" class=\"wp-image-2013\" srcset=\"https:\/\/trachtenverein-reischach.de\/wp-content\/uploads\/2024\/03\/Gretlkurs_1.3.24-4-768x1024.jpeg 768w, https:\/\/trachtenverein-reischach.de\/wp-content\/uploads\/2024\/03\/Gretlkurs_1.3.24-4-225x300.jpeg 225w, https:\/\/trachtenverein-reischach.de\/wp-content\/uploads\/2024\/03\/Gretlkurs_1.3.24-4-1152x1536.jpeg 1152w, https:\/\/trachtenverein-reischach.de\/wp-content\/uploads\/2024\/03\/Gretlkurs_1.3.24-4.jpeg 1536w\" sizes=\"auto, (max-width: 768px) 100vw, 768px\" \/><\/figure>\n\n\n\n<figure class=\"wp-block-image size-large\"><img loading=\"lazy\" decoding=\"async\" width=\"1024\" height=\"768\" data-id=\"2017\" src=\"https:\/\/trachtenverein-reischach.de\/wp-content\/uploads\/2024\/03\/Gretlkurs_1.3.24-4-1024x768.jpg\" alt=\"\" class=\"wp-image-2017\" srcset=\"https:\/\/trachtenverein-reischach.de\/wp-content\/uploads\/2024\/03\/Gretlkurs_1.3.24-4-1024x768.jpg 1024w, https:\/\/trachtenverein-reischach.de\/wp-content\/uploads\/2024\/03\/Gretlkurs_1.3.24-4-300x225.jpg 300w, https:\/\/trachtenverein-reischach.de\/wp-content\/uploads\/2024\/03\/Gretlkurs_1.3.24-4-768x576.jpg 768w, https:\/\/trachtenverein-reischach.de\/wp-content\/uploads\/2024\/03\/Gretlkurs_1.3.24-4-1536x1152.jpg 1536w, https:\/\/trachtenverein-reischach.de\/wp-content\/uploads\/2024\/03\/Gretlkurs_1.3.24-4-2048x1536.jpg 2048w\" sizes=\"auto, (max-width: 1024px) 100vw, 1024px\" \/><\/figure>\n\n\n\n<figure class=\"wp-block-image size-large\"><img loading=\"lazy\" decoding=\"async\" width=\"1024\" height=\"768\" data-id=\"2012\" src=\"https:\/\/trachtenverein-reischach.de\/wp-content\/uploads\/2024\/03\/Gretlkurs_1.3.24-5-1024x768.jpeg\" alt=\"\" class=\"wp-image-2012\" srcset=\"https:\/\/trachtenverein-reischach.de\/wp-content\/uploads\/2024\/03\/Gretlkurs_1.3.24-5-1024x768.jpeg 1024w, https:\/\/trachtenverein-reischach.de\/wp-content\/uploads\/2024\/03\/Gretlkurs_1.3.24-5-300x225.jpeg 300w, https:\/\/trachtenverein-reischach.de\/wp-content\/uploads\/2024\/03\/Gretlkurs_1.3.24-5-768x576.jpeg 768w, https:\/\/trachtenverein-reischach.de\/wp-content\/uploads\/2024\/03\/Gretlkurs_1.3.24-5-1536x1152.jpeg 1536w, https:\/\/trachtenverein-reischach.de\/wp-content\/uploads\/2024\/03\/Gretlkurs_1.3.24-5.jpeg 1600w\" sizes=\"auto, (max-width: 1024px) 100vw, 1024px\" \/><\/figure>\n\n\n\n<figure class=\"wp-block-image size-large\"><img loading=\"lazy\" decoding=\"async\" width=\"1024\" height=\"768\" data-id=\"2019\" src=\"https:\/\/trachtenverein-reischach.de\/wp-content\/uploads\/2024\/03\/Gretlkurs_1.3.24-5-1024x768.jpg\" alt=\"\" class=\"wp-image-2019\" srcset=\"https:\/\/trachtenverein-reischach.de\/wp-content\/uploads\/2024\/03\/Gretlkurs_1.3.24-5-1024x768.jpg 1024w, https:\/\/trachtenverein-reischach.de\/wp-content\/uploads\/2024\/03\/Gretlkurs_1.3.24-5-300x225.jpg 300w, https:\/\/trachtenverein-reischach.de\/wp-content\/uploads\/2024\/03\/Gretlkurs_1.3.24-5-768x576.jpg 768w, https:\/\/trachtenverein-reischach.de\/wp-content\/uploads\/2024\/03\/Gretlkurs_1.3.24-5-1536x1152.jpg 1536w, https:\/\/trachtenverein-reischach.de\/wp-content\/uploads\/2024\/03\/Gretlkurs_1.3.24-5-2048x1536.jpg 2048w\" sizes=\"auto, (max-width: 1024px) 100vw, 1024px\" \/><\/figure>\n\n\n\n<figure class=\"wp-block-image size-large\"><img loading=\"lazy\" decoding=\"async\" width=\"1024\" height=\"768\" data-id=\"2020\" src=\"https:\/\/trachtenverein-reischach.de\/wp-content\/uploads\/2024\/03\/Gretlkurs_1.3.24-6-1024x768.jpg\" alt=\"\" class=\"wp-image-2020\" srcset=\"https:\/\/trachtenverein-reischach.de\/wp-content\/uploads\/2024\/03\/Gretlkurs_1.3.24-6-1024x768.jpg 1024w, https:\/\/trachtenverein-reischach.de\/wp-content\/uploads\/2024\/03\/Gretlkurs_1.3.24-6-300x225.jpg 300w, https:\/\/trachtenverein-reischach.de\/wp-content\/uploads\/2024\/03\/Gretlkurs_1.3.24-6-768x576.jpg 768w, https:\/\/trachtenverein-reischach.de\/wp-content\/uploads\/2024\/03\/Gretlkurs_1.3.24-6-1536x1152.jpg 1536w, https:\/\/trachtenverein-reischach.de\/wp-content\/uploads\/2024\/03\/Gretlkurs_1.3.24-6-2048x1536.jpg 2048w\" sizes=\"auto, (max-width: 1024px) 100vw, 1024px\" \/><\/figure>\n\n\n\n<figure class=\"wp-block-image size-large\"><img loading=\"lazy\" decoding=\"async\" width=\"1024\" height=\"768\" data-id=\"2021\" src=\"https:\/\/trachtenverein-reischach.de\/wp-content\/uploads\/2024\/03\/Gretlkurs_1.3.24-8-1024x768.jpg\" alt=\"\" class=\"wp-image-2021\" srcset=\"https:\/\/trachtenverein-reischach.de\/wp-content\/uploads\/2024\/03\/Gretlkurs_1.3.24-8-1024x768.jpg 1024w, https:\/\/trachtenverein-reischach.de\/wp-content\/uploads\/2024\/03\/Gretlkurs_1.3.24-8-300x225.jpg 300w, https:\/\/trachtenverein-reischach.de\/wp-content\/uploads\/2024\/03\/Gretlkurs_1.3.24-8-768x576.jpg 768w, https:\/\/trachtenverein-reischach.de\/wp-content\/uploads\/2024\/03\/Gretlkurs_1.3.24-8-1536x1152.jpg 1536w, https:\/\/trachtenverein-reischach.de\/wp-content\/uploads\/2024\/03\/Gretlkurs_1.3.24-8-2048x1536.jpg 2048w\" sizes=\"auto, (max-width: 1024px) 100vw, 1024px\" \/><\/figure>\n<\/figure>\n","protected":false},"excerpt":{"rendered":"<p>Unter diesem Motto trafen sich vergangenen Freitag, den 1. M\u00e4rz 2024, einige Trachtlerinnen zum Gretl- und Frisurenkurs. Zw\u00f6lf Teilnehmerinnen fanden sich dazu im Vereinsheim der Trachtler ein. \u201eWie geht des das i meine kurzen Haar aufesteck?\u201c \u201eWie toupier i den Ansatz richtig?\u201c \u201eWie muas i denn higlanga das der zwoate Zopf gschei hoid?\u201c \u201eWie flecht &#8230; <a title=\"gscheid frisiert und gschickt zum Gr\u00fcndungsjubil\u00e4um\" class=\"read-more\" href=\"https:\/\/trachtenverein-reischach.de\/?p=2011\" aria-label=\"Mehr Informationen \u00fcber gscheid frisiert und gschickt zum Gr\u00fcndungsjubil\u00e4um\">Weiterlesen<\/a><\/p>\n","protected":false},"author":104,"featured_media":2023,"comment_status":"closed","ping_status":"closed","sticky":false,"template":"","format":"standard","meta":{"pgc_sgb_lightbox_settings":"","footnotes":""},"categories":[13],"tags":[],"class_list":["post-2011","post","type-post","status-publish","format-standard","has-post-thumbnail","hentry","category-archiv-verein"],"_links":{"self":[{"href":"https:\/\/trachtenverein-reischach.de\/index.php?rest_route=\/wp\/v2\/posts\/2011","targetHints":{"allow":["GET"]}}],"collection":[{"href":"https:\/\/trachtenverein-reischach.de\/index.php?rest_route=\/wp\/v2\/posts"}],"about":[{"href":"https:\/\/trachtenverein-reischach.de\/index.php?rest_route=\/wp\/v2\/types\/post"}],"author":[{"embeddable":true,"href":"https:\/\/trachtenverein-reischach.de\/index.php?rest_route=\/wp\/v2\/users\/104"}],"replies":[{"embeddable":true,"href":"https:\/\/trachtenverein-reischach.de\/index.php?rest_route=%2Fwp%2Fv2%2Fcomments&post=2011"}],"version-history":[{"count":0,"href":"https:\/\/trachtenverein-reischach.de\/index.php?rest_route=\/wp\/v2\/posts\/2011\/revisions"}],"wp:featuredmedia":[{"embeddable":true,"href":"https:\/\/trachtenverein-reischach.de\/index.php?rest_route=\/wp\/v2\/media\/2023"}],"wp:attachment":[{"href":"https:\/\/trachtenverein-reischach.de\/index.php?rest_route=%2Fwp%2Fv2%2Fmedia&parent=2011"}],"wp:term":[{"taxonomy":"category","embeddable":true,"href":"https:\/\/trachtenverein-reischach.de\/index.php?rest_route=%2Fwp%2Fv2%2Fcategories&post=2011"},{"taxonomy":"post_tag","embeddable":true,"href":"https:\/\/trachtenverein-reischach.de\/index.php?rest_route=%2Fwp%2Fv2%2Ftags&post=2011"}],"curies":[{"name":"wp","href":"https:\/\/api.w.org\/{rel}","templated":true}]}}