{"id":1829,"date":"2023-09-11T17:46:30","date_gmt":"2023-09-11T15:46:30","guid":{"rendered":"https:\/\/trachtenverein-reischach.de\/?p=1829"},"modified":"2023-09-11T17:46:32","modified_gmt":"2023-09-11T15:46:32","slug":"ausflug-der-kinder-jugendgruppe","status":"publish","type":"post","link":"https:\/\/trachtenverein-reischach.de\/?p=1829","title":{"rendered":"Ausflug der Kinder- &amp; Jugendgruppe"},"content":{"rendered":"\n<figure class=\"wp-block-image size-large\"><img loading=\"lazy\" decoding=\"async\" width=\"1024\" height=\"768\" class=\"wp-image-1832\" src=\"https:\/\/trachtenverein-reischach.de\/wp-content\/uploads\/2023\/09\/IMG202308051202111-1024x768.jpg\" alt=\"\" srcset=\"https:\/\/trachtenverein-reischach.de\/wp-content\/uploads\/2023\/09\/IMG202308051202111-1024x768.jpg 1024w, https:\/\/trachtenverein-reischach.de\/wp-content\/uploads\/2023\/09\/IMG202308051202111-300x225.jpg 300w, https:\/\/trachtenverein-reischach.de\/wp-content\/uploads\/2023\/09\/IMG202308051202111-768x576.jpg 768w, https:\/\/trachtenverein-reischach.de\/wp-content\/uploads\/2023\/09\/IMG202308051202111-1536x1152.jpg 1536w, https:\/\/trachtenverein-reischach.de\/wp-content\/uploads\/2023\/09\/IMG202308051202111-2048x1536.jpg 2048w\" sizes=\"auto, (max-width: 1024px) 100vw, 1024px\" \/><\/figure>\n\n\n\n<div class=\"wp-block-group\"><div class=\"wp-block-group__inner-container is-layout-constrained wp-block-group-is-layout-constrained\">\n<figure class=\"wp-block-image size-large\"><img loading=\"lazy\" decoding=\"async\" width=\"1024\" height=\"768\" class=\"wp-image-1831\" src=\"https:\/\/trachtenverein-reischach.de\/wp-content\/uploads\/2023\/09\/IMG202308051551021-1-1024x768.jpg\" alt=\"\" srcset=\"https:\/\/trachtenverein-reischach.de\/wp-content\/uploads\/2023\/09\/IMG202308051551021-1-1024x768.jpg 1024w, https:\/\/trachtenverein-reischach.de\/wp-content\/uploads\/2023\/09\/IMG202308051551021-1-300x225.jpg 300w, https:\/\/trachtenverein-reischach.de\/wp-content\/uploads\/2023\/09\/IMG202308051551021-1-768x576.jpg 768w, https:\/\/trachtenverein-reischach.de\/wp-content\/uploads\/2023\/09\/IMG202308051551021-1-1536x1152.jpg 1536w, https:\/\/trachtenverein-reischach.de\/wp-content\/uploads\/2023\/09\/IMG202308051551021-1-2048x1536.jpg 2048w\" sizes=\"auto, (max-width: 1024px) 100vw, 1024px\" \/><\/figure>\n<\/div><\/div>\n\n\n\n<p>Leider konnte die geplante \u00dcbernachtung in Kleinillenberg wetterbedingt nicht stattfinden. Daf\u00fcr traf sich die Kinder- &amp; Jugendgruppe zum Abschluss des ersten Trachtenhalbjahres am Samstag, 5.8.23 um 11Uhr im Vereinsheim zum Spielenachmittag. Mittag gab es f\u00fcr alle Wurstsemmeln. Nach einem kurzen Besuch des Spielplatzes oberhalb der Schule ging es um 15Uhr nach Neu\u00f6tting zum Bowling weiter. Nach zwei Stunden waren dann alle m\u00fcde vom Hantieren mit den doch schweren Bowlingkugeln und wir fuhren zur\u00fcck nach Kleinillenberg. Dort st\u00e4rkten wir uns noch beim Grillfest mit W\u00fcrstl, Grillfleisch und Steckerlfisch. Es war ein rundum gelungener Tag f\u00fcr alle. <\/p>\n\n\n\n<p>Am Freitag, den 15.9.23 starten wir nun wieder mit den Proben. Diese finden jeden Freitag von 18-19 Uhr im Vereinsheim in der Grundschule statt. Neuanf\u00e4nger sind dazu jederzeit herzlich willkommen!<\/p>\n","protected":false},"excerpt":{"rendered":"<p>Leider konnte die geplante \u00dcbernachtung in Kleinillenberg wetterbedingt nicht stattfinden. Daf\u00fcr traf sich die Kinder- &amp; Jugendgruppe zum Abschluss des ersten Trachtenhalbjahres am Samstag, 5.8.23 um 11Uhr im Vereinsheim zum Spielenachmittag. Mittag gab es f\u00fcr alle Wurstsemmeln. Nach einem kurzen Besuch des Spielplatzes oberhalb der Schule ging es um 15Uhr nach Neu\u00f6tting zum Bowling weiter. &#8230; <a title=\"Ausflug der Kinder- &amp; Jugendgruppe\" class=\"read-more\" href=\"https:\/\/trachtenverein-reischach.de\/?p=1829\" aria-label=\"Mehr Informationen \u00fcber Ausflug der Kinder- &amp; Jugendgruppe\">Weiterlesen<\/a><\/p>\n","protected":false},"author":109,"featured_media":0,"comment_status":"closed","ping_status":"closed","sticky":false,"template":"","format":"standard","meta":{"pgc_sgb_lightbox_settings":"","footnotes":""},"categories":[13],"tags":[],"class_list":["post-1829","post","type-post","status-publish","format-standard","hentry","category-archiv-verein"],"_links":{"self":[{"href":"https:\/\/trachtenverein-reischach.de\/index.php?rest_route=\/wp\/v2\/posts\/1829","targetHints":{"allow":["GET"]}}],"collection":[{"href":"https:\/\/trachtenverein-reischach.de\/index.php?rest_route=\/wp\/v2\/posts"}],"about":[{"href":"https:\/\/trachtenverein-reischach.de\/index.php?rest_route=\/wp\/v2\/types\/post"}],"author":[{"embeddable":true,"href":"https:\/\/trachtenverein-reischach.de\/index.php?rest_route=\/wp\/v2\/users\/109"}],"replies":[{"embeddable":true,"href":"https:\/\/trachtenverein-reischach.de\/index.php?rest_route=%2Fwp%2Fv2%2Fcomments&post=1829"}],"version-history":[{"count":0,"href":"https:\/\/trachtenverein-reischach.de\/index.php?rest_route=\/wp\/v2\/posts\/1829\/revisions"}],"wp:attachment":[{"href":"https:\/\/trachtenverein-reischach.de\/index.php?rest_route=%2Fwp%2Fv2%2Fmedia&parent=1829"}],"wp:term":[{"taxonomy":"category","embeddable":true,"href":"https:\/\/trachtenverein-reischach.de\/index.php?rest_route=%2Fwp%2Fv2%2Fcategories&post=1829"},{"taxonomy":"post_tag","embeddable":true,"href":"https:\/\/trachtenverein-reischach.de\/index.php?rest_route=%2Fwp%2Fv2%2Ftags&post=1829"}],"curies":[{"name":"wp","href":"https:\/\/api.w.org\/{rel}","templated":true}]}}