{"id":1817,"date":"2023-07-12T17:13:52","date_gmt":"2023-07-12T15:13:52","guid":{"rendered":"https:\/\/trachtenverein-reischach.de\/?p=1817"},"modified":"2023-07-12T17:13:54","modified_gmt":"2023-07-12T15:13:54","slug":"mia-machan-a-festl-fia-di-grillfeier-endlich-eingeloest","status":"publish","type":"post","link":"https:\/\/trachtenverein-reischach.de\/?p=1817","title":{"rendered":"&#8220;Mia machan a Festl fia di!&#8221; &#8211; Grillfeier endlich eingel\u00f6st"},"content":{"rendered":"\n<p>Am Sonntag, den 02.07.23 l\u00f6sten wir den Gewinn unseres Jubil\u00e4umsspiels 2019 ein. Beim Sieger Severin Michel in Wissersdorf organisierten wir eine Grillfeier mit Berger Bier und Grillgut der Metzgerei Reischacher Hof. Die Kindergruppe tanzte auf und die Goasslschnalzer lie\u00dfen ihre Goa\u00dfl krachen. Die 4-gspuit-musi sowie Tanja, Reserl, Max und Hans umrahmten die Feier musikalisch. Es war f\u00fcr alle Beteiligten ein rundrum gelungener und sch\u00f6ner Tag.<\/p>\n","protected":false},"excerpt":{"rendered":"<p>Am Sonntag, den 02.07.23 l\u00f6sten wir den Gewinn unseres Jubil\u00e4umsspiels 2019 ein. Beim Sieger Severin Michel in Wissersdorf organisierten wir eine Grillfeier mit Berger Bier und Grillgut der Metzgerei Reischacher Hof. Die Kindergruppe tanzte auf und die Goasslschnalzer lie\u00dfen ihre Goa\u00dfl krachen. Die 4-gspuit-musi sowie Tanja, Reserl, Max und Hans umrahmten die Feier musikalisch. Es &#8230; <a title=\"&#8220;Mia machan a Festl fia di!&#8221; &#8211; Grillfeier endlich eingel\u00f6st\" class=\"read-more\" href=\"https:\/\/trachtenverein-reischach.de\/?p=1817\" aria-label=\"Mehr Informationen \u00fcber &#8220;Mia machan a Festl fia di!&#8221; &#8211; Grillfeier endlich eingel\u00f6st\">Weiterlesen<\/a><\/p>\n","protected":false},"author":42,"featured_media":1818,"comment_status":"closed","ping_status":"closed","sticky":false,"template":"","format":"standard","meta":{"pgc_sgb_lightbox_settings":"","footnotes":""},"categories":[4,13],"tags":[],"class_list":["post-1817","post","type-post","status-publish","format-standard","has-post-thumbnail","hentry","category-aktuelles","category-archiv-verein"],"_links":{"self":[{"href":"https:\/\/trachtenverein-reischach.de\/index.php?rest_route=\/wp\/v2\/posts\/1817","targetHints":{"allow":["GET"]}}],"collection":[{"href":"https:\/\/trachtenverein-reischach.de\/index.php?rest_route=\/wp\/v2\/posts"}],"about":[{"href":"https:\/\/trachtenverein-reischach.de\/index.php?rest_route=\/wp\/v2\/types\/post"}],"author":[{"embeddable":true,"href":"https:\/\/trachtenverein-reischach.de\/index.php?rest_route=\/wp\/v2\/users\/42"}],"replies":[{"embeddable":true,"href":"https:\/\/trachtenverein-reischach.de\/index.php?rest_route=%2Fwp%2Fv2%2Fcomments&post=1817"}],"version-history":[{"count":0,"href":"https:\/\/trachtenverein-reischach.de\/index.php?rest_route=\/wp\/v2\/posts\/1817\/revisions"}],"wp:featuredmedia":[{"embeddable":true,"href":"https:\/\/trachtenverein-reischach.de\/index.php?rest_route=\/wp\/v2\/media\/1818"}],"wp:attachment":[{"href":"https:\/\/trachtenverein-reischach.de\/index.php?rest_route=%2Fwp%2Fv2%2Fmedia&parent=1817"}],"wp:term":[{"taxonomy":"category","embeddable":true,"href":"https:\/\/trachtenverein-reischach.de\/index.php?rest_route=%2Fwp%2Fv2%2Fcategories&post=1817"},{"taxonomy":"post_tag","embeddable":true,"href":"https:\/\/trachtenverein-reischach.de\/index.php?rest_route=%2Fwp%2Fv2%2Ftags&post=1817"}],"curies":[{"name":"wp","href":"https:\/\/api.w.org\/{rel}","templated":true}]}}