{"id":1814,"date":"2023-07-05T17:05:03","date_gmt":"2023-07-05T15:05:03","guid":{"rendered":"https:\/\/trachtenverein-reischach.de\/?p=1814"},"modified":"2023-07-05T17:05:05","modified_gmt":"2023-07-05T15:05:05","slug":"gesangsseminar-in-ainring","status":"publish","type":"post","link":"https:\/\/trachtenverein-reischach.de\/?p=1814","title":{"rendered":"Gesangsseminar in Ainring"},"content":{"rendered":"\n<p>Am vergangenen Samstag, den 1. Juli 2023, startete eine kleine Abordnung der Musiker nach Ainring ins alte Schulhaus zum Seminar &#8220;Gesang in der Volksmusik&#8221;. Von 9 \u2013 17 Uhr wurden dazu kleine Kurse abgehalten. Namhafte Vertreter f\u00fcr verschiedene Gesangsrichtungen waren unter anderem Gabi Reiserer (Gesang), Hansl Auer (Gesang), Kathi Hetz (Jodler) und Moritz Demmer (Singen).<\/p>\n\n\n\n<p>In den Pausen konnte das ein oder andere Utensil\/Notenheft gekauft werden und auch der rege Austausch unter den Musikanten kam nicht zu kurz.  <\/p>\n\n\n\n<p>Im Ganzen war es ein sch\u00f6ner, lehrreicher Tag,  sodass mit Sicherheit nicht nur wir S\u00e4nger, sondern auch unserer Zuh\u00f6rer davon profitieren k\u00f6nnen.<\/p>\n\n\n\n<p class=\"has-text-align-right\">Regina Hofbauer<\/p>\n","protected":false},"excerpt":{"rendered":"<p>Am vergangenen Samstag, den 1. Juli 2023, startete eine kleine Abordnung der Musiker nach Ainring ins alte Schulhaus zum Seminar &#8220;Gesang in der Volksmusik&#8221;. Von 9 \u2013 17 Uhr wurden dazu kleine Kurse abgehalten. Namhafte Vertreter f\u00fcr verschiedene Gesangsrichtungen waren unter anderem Gabi Reiserer (Gesang), Hansl Auer (Gesang), Kathi Hetz (Jodler) und Moritz Demmer (Singen). &#8230; <a title=\"Gesangsseminar in Ainring\" class=\"read-more\" href=\"https:\/\/trachtenverein-reischach.de\/?p=1814\" aria-label=\"Mehr Informationen \u00fcber Gesangsseminar in Ainring\">Weiterlesen<\/a><\/p>\n","protected":false},"author":104,"featured_media":1815,"comment_status":"closed","ping_status":"closed","sticky":false,"template":"","format":"standard","meta":{"pgc_sgb_lightbox_settings":"","footnotes":""},"categories":[13],"tags":[],"class_list":["post-1814","post","type-post","status-publish","format-standard","has-post-thumbnail","hentry","category-archiv-verein"],"_links":{"self":[{"href":"https:\/\/trachtenverein-reischach.de\/index.php?rest_route=\/wp\/v2\/posts\/1814","targetHints":{"allow":["GET"]}}],"collection":[{"href":"https:\/\/trachtenverein-reischach.de\/index.php?rest_route=\/wp\/v2\/posts"}],"about":[{"href":"https:\/\/trachtenverein-reischach.de\/index.php?rest_route=\/wp\/v2\/types\/post"}],"author":[{"embeddable":true,"href":"https:\/\/trachtenverein-reischach.de\/index.php?rest_route=\/wp\/v2\/users\/104"}],"replies":[{"embeddable":true,"href":"https:\/\/trachtenverein-reischach.de\/index.php?rest_route=%2Fwp%2Fv2%2Fcomments&post=1814"}],"version-history":[{"count":0,"href":"https:\/\/trachtenverein-reischach.de\/index.php?rest_route=\/wp\/v2\/posts\/1814\/revisions"}],"wp:featuredmedia":[{"embeddable":true,"href":"https:\/\/trachtenverein-reischach.de\/index.php?rest_route=\/wp\/v2\/media\/1815"}],"wp:attachment":[{"href":"https:\/\/trachtenverein-reischach.de\/index.php?rest_route=%2Fwp%2Fv2%2Fmedia&parent=1814"}],"wp:term":[{"taxonomy":"category","embeddable":true,"href":"https:\/\/trachtenverein-reischach.de\/index.php?rest_route=%2Fwp%2Fv2%2Fcategories&post=1814"},{"taxonomy":"post_tag","embeddable":true,"href":"https:\/\/trachtenverein-reischach.de\/index.php?rest_route=%2Fwp%2Fv2%2Ftags&post=1814"}],"curies":[{"name":"wp","href":"https:\/\/api.w.org\/{rel}","templated":true}]}}