{"id":1796,"date":"2023-05-23T22:20:40","date_gmt":"2023-05-23T20:20:40","guid":{"rendered":"https:\/\/trachtenverein-reischach.de\/?p=1796"},"modified":"2023-05-23T22:20:42","modified_gmt":"2023-05-23T20:20:42","slug":"trachtenwallfahrt-nach-maria-eck-2023","status":"publish","type":"post","link":"https:\/\/trachtenverein-reischach.de\/?p=1796","title":{"rendered":"Trachtenwallfahrt nach Maria Eck 2023"},"content":{"rendered":"\n<p>Am letzten Sonntag beteiligten wir uns an der allj\u00e4hrlichen Wallfahrt nach Maria Eck. Danke an alle, die mitgegangen und mitgefahren sind. Mein gro\u00dfer Dank gilt Franziska und Sophia f\u00fcrs Mitkommen. Schee wars!<\/p>\n","protected":false},"excerpt":{"rendered":"<p>Am letzten Sonntag beteiligten wir uns an der allj\u00e4hrlichen Wallfahrt nach Maria Eck. Danke an alle, die mitgegangen und mitgefahren sind. Mein gro\u00dfer Dank gilt Franziska und Sophia f\u00fcrs Mitkommen. Schee wars!<\/p>\n","protected":false},"author":42,"featured_media":1797,"comment_status":"closed","ping_status":"closed","sticky":false,"template":"","format":"standard","meta":{"pgc_sgb_lightbox_settings":"","footnotes":""},"categories":[4,13],"tags":[],"class_list":["post-1796","post","type-post","status-publish","format-standard","has-post-thumbnail","hentry","category-aktuelles","category-archiv-verein"],"_links":{"self":[{"href":"https:\/\/trachtenverein-reischach.de\/index.php?rest_route=\/wp\/v2\/posts\/1796","targetHints":{"allow":["GET"]}}],"collection":[{"href":"https:\/\/trachtenverein-reischach.de\/index.php?rest_route=\/wp\/v2\/posts"}],"about":[{"href":"https:\/\/trachtenverein-reischach.de\/index.php?rest_route=\/wp\/v2\/types\/post"}],"author":[{"embeddable":true,"href":"https:\/\/trachtenverein-reischach.de\/index.php?rest_route=\/wp\/v2\/users\/42"}],"replies":[{"embeddable":true,"href":"https:\/\/trachtenverein-reischach.de\/index.php?rest_route=%2Fwp%2Fv2%2Fcomments&post=1796"}],"version-history":[{"count":0,"href":"https:\/\/trachtenverein-reischach.de\/index.php?rest_route=\/wp\/v2\/posts\/1796\/revisions"}],"wp:featuredmedia":[{"embeddable":true,"href":"https:\/\/trachtenverein-reischach.de\/index.php?rest_route=\/wp\/v2\/media\/1797"}],"wp:attachment":[{"href":"https:\/\/trachtenverein-reischach.de\/index.php?rest_route=%2Fwp%2Fv2%2Fmedia&parent=1796"}],"wp:term":[{"taxonomy":"category","embeddable":true,"href":"https:\/\/trachtenverein-reischach.de\/index.php?rest_route=%2Fwp%2Fv2%2Fcategories&post=1796"},{"taxonomy":"post_tag","embeddable":true,"href":"https:\/\/trachtenverein-reischach.de\/index.php?rest_route=%2Fwp%2Fv2%2Ftags&post=1796"}],"curies":[{"name":"wp","href":"https:\/\/api.w.org\/{rel}","templated":true}]}}