{"id":1746,"date":"2023-05-14T08:41:22","date_gmt":"2023-05-14T06:41:22","guid":{"rendered":"https:\/\/trachtenverein-reischach.de\/?p=1746"},"modified":"2023-05-14T08:43:57","modified_gmt":"2023-05-14T06:43:57","slug":"schnalzertreffen-2023-2","status":"publish","type":"post","link":"https:\/\/trachtenverein-reischach.de\/?p=1746","title":{"rendered":"Schnalzertreffen 2023"},"content":{"rendered":"\n<figure class=\"wp-block-image size-large\"><img loading=\"lazy\" decoding=\"async\" width=\"1024\" height=\"476\" src=\"https:\/\/trachtenverein-reischach.de\/wp-content\/uploads\/2023\/05\/Gruppenfoto-1-1024x476.jpg\" alt=\"\" class=\"wp-image-1751\" srcset=\"https:\/\/trachtenverein-reischach.de\/wp-content\/uploads\/2023\/05\/Gruppenfoto-1-1024x476.jpg 1024w, https:\/\/trachtenverein-reischach.de\/wp-content\/uploads\/2023\/05\/Gruppenfoto-1-300x140.jpg 300w, https:\/\/trachtenverein-reischach.de\/wp-content\/uploads\/2023\/05\/Gruppenfoto-1-768x357.jpg 768w, https:\/\/trachtenverein-reischach.de\/wp-content\/uploads\/2023\/05\/Gruppenfoto-1-1536x714.jpg 1536w, https:\/\/trachtenverein-reischach.de\/wp-content\/uploads\/2023\/05\/Gruppenfoto-1.jpg 1991w\" sizes=\"auto, (max-width: 1024px) 100vw, 1024px\" \/><figcaption class=\"wp-element-caption\"><strong>Gruppenfoto nach dem Gemeinschaftsschnalzer<\/strong><\/figcaption><\/figure>\n\n\n\n<p>Zum dritten mal, neben 2003 und 2016, organsierten die Reischacher Goa\u00dflschnalzer das Schnalzertreffen des Gebietes Inn\/Salzach am 07. Mai im Gasthof Pallauf in Arbing.  An dem sonnigen Fr\u00fchlingssonntag konnten neun Schnalzergruppen, jeweils mit ihren eigenen Musikanten, begr\u00fc\u00dft werden. Neben Edewei\u00df Neu\u00f6tting waren dies, der Volkstrachtenverein Alt\u00f6tting, Almenrausch Lindach Burghausen, Almr\u00f6serl Oberneukirchen, Enzian T\u00f6ging, Stoabacher Aschau, Edelwei\u00df Reichertsheim und aus dem benachbarten Niederbayern die Schnalzer von den Lindenthalern Hebertsfelden und den Altbachthalern Wittibreut. Ansager Richard Mosshammer f\u00fchrte gekonnt durch das Programm. Umrahmt wurde das Treffen musikalisch von der &#8220;Bergblosn&#8221;. Sehr zur Freude von Schnalzerleiter Stefan Kaiser und seinen Goa\u00dflschnalzern wollten sich das Spektakel auch zahlreiche Zuschauer nicht entgehen lassen und verbrachten einen unterhaltsamen und kurzweiligen Vormittag. Alle Bilder vom Treffen sind unter &#8220;Bilder&#8221; auf unserer Homatseit\u00b4n zu finden.<\/p>\n","protected":false},"excerpt":{"rendered":"<p>Zum dritten mal, neben 2003 und 2016, organsierten die Reischacher Goa\u00dflschnalzer das Schnalzertreffen des Gebietes Inn\/Salzach am 07. Mai im Gasthof Pallauf in Arbing. An dem sonnigen Fr\u00fchlingssonntag konnten neun Schnalzergruppen, jeweils mit ihren eigenen Musikanten, begr\u00fc\u00dft werden. Neben Edewei\u00df Neu\u00f6tting waren dies, der Volkstrachtenverein Alt\u00f6tting, Almenrausch Lindach Burghausen, Almr\u00f6serl Oberneukirchen, Enzian T\u00f6ging, Stoabacher Aschau, &#8230; <a title=\"Schnalzertreffen 2023\" class=\"read-more\" href=\"https:\/\/trachtenverein-reischach.de\/?p=1746\" aria-label=\"Mehr Informationen \u00fcber Schnalzertreffen 2023\">Weiterlesen<\/a><\/p>\n","protected":false},"author":1,"featured_media":0,"comment_status":"closed","ping_status":"closed","sticky":false,"template":"","format":"image","meta":{"pgc_sgb_lightbox_settings":"","footnotes":""},"categories":[15,13],"tags":[],"class_list":["post-1746","post","type-post","status-publish","format-image","hentry","category-archiv-goasslschnalzer","category-archiv-verein","post_format-post-format-image"],"_links":{"self":[{"href":"https:\/\/trachtenverein-reischach.de\/index.php?rest_route=\/wp\/v2\/posts\/1746","targetHints":{"allow":["GET"]}}],"collection":[{"href":"https:\/\/trachtenverein-reischach.de\/index.php?rest_route=\/wp\/v2\/posts"}],"about":[{"href":"https:\/\/trachtenverein-reischach.de\/index.php?rest_route=\/wp\/v2\/types\/post"}],"author":[{"embeddable":true,"href":"https:\/\/trachtenverein-reischach.de\/index.php?rest_route=\/wp\/v2\/users\/1"}],"replies":[{"embeddable":true,"href":"https:\/\/trachtenverein-reischach.de\/index.php?rest_route=%2Fwp%2Fv2%2Fcomments&post=1746"}],"version-history":[{"count":0,"href":"https:\/\/trachtenverein-reischach.de\/index.php?rest_route=\/wp\/v2\/posts\/1746\/revisions"}],"wp:attachment":[{"href":"https:\/\/trachtenverein-reischach.de\/index.php?rest_route=%2Fwp%2Fv2%2Fmedia&parent=1746"}],"wp:term":[{"taxonomy":"category","embeddable":true,"href":"https:\/\/trachtenverein-reischach.de\/index.php?rest_route=%2Fwp%2Fv2%2Fcategories&post=1746"},{"taxonomy":"post_tag","embeddable":true,"href":"https:\/\/trachtenverein-reischach.de\/index.php?rest_route=%2Fwp%2Fv2%2Ftags&post=1746"}],"curies":[{"name":"wp","href":"https:\/\/api.w.org\/{rel}","templated":true}]}}