{"id":1507,"date":"2023-01-31T21:21:50","date_gmt":"2023-01-31T20:21:50","guid":{"rendered":"https:\/\/trachtenverein-reischach.de\/?p=1507"},"modified":"2023-01-31T21:21:52","modified_gmt":"2023-01-31T20:21:52","slug":"faschingskranzl-2","status":"publish","type":"post","link":"https:\/\/trachtenverein-reischach.de\/?p=1507","title":{"rendered":"Faschingskranzl"},"content":{"rendered":"\n<p>Am Samstag, den 28.01.23 fand wieder unser Faschingskranzl beim Oberwallner statt. Unter den Besuchern konnte Vorstand Thomas Werkstetter u.a. Abordnungen des Gemeinderats, der Sch\u00fctzen und vom Patenverein aus Leonberg begr\u00fc\u00dfen. Das Tanzbein wurde bis sp\u00e4t nach Mitternacht flei\u00dfig zu schmissiger Musik vom &#8220;Lederhuaba&#8221; geschwungen. Zu den H\u00f6hepunkten des Abends z\u00e4hlte ein Auftritt der Showtanzgruppe Peppers aus Mitterskirchen und eine Einlage der Aktiven, welche mit viel Applaus belohnt wurden. Nat\u00fcrlich gab es bei der Tombola wieder viele Preise zu gewinnen und eine Goa\u00df\u00b4n- und Laterndlma\u00df-Verlosung durfte auch nicht fehlen.<\/p>\n","protected":false},"excerpt":{"rendered":"<p>Am Samstag, den 28.01.23 fand wieder unser Faschingskranzl beim Oberwallner statt. Unter den Besuchern konnte Vorstand Thomas Werkstetter u.a. Abordnungen des Gemeinderats, der Sch\u00fctzen und vom Patenverein aus Leonberg begr\u00fc\u00dfen. Das Tanzbein wurde bis sp\u00e4t nach Mitternacht flei\u00dfig zu schmissiger Musik vom &#8220;Lederhuaba&#8221; geschwungen. Zu den H\u00f6hepunkten des Abends z\u00e4hlte ein Auftritt der Showtanzgruppe Peppers &#8230; <a title=\"Faschingskranzl\" class=\"read-more\" href=\"https:\/\/trachtenverein-reischach.de\/?p=1507\" aria-label=\"Mehr Informationen \u00fcber Faschingskranzl\">Weiterlesen<\/a><\/p>\n","protected":false},"author":109,"featured_media":1512,"comment_status":"closed","ping_status":"closed","sticky":false,"template":"","format":"standard","meta":{"pgc_sgb_lightbox_settings":"","footnotes":""},"categories":[13],"tags":[],"class_list":["post-1507","post","type-post","status-publish","format-standard","has-post-thumbnail","hentry","category-archiv-verein"],"_links":{"self":[{"href":"https:\/\/trachtenverein-reischach.de\/index.php?rest_route=\/wp\/v2\/posts\/1507","targetHints":{"allow":["GET"]}}],"collection":[{"href":"https:\/\/trachtenverein-reischach.de\/index.php?rest_route=\/wp\/v2\/posts"}],"about":[{"href":"https:\/\/trachtenverein-reischach.de\/index.php?rest_route=\/wp\/v2\/types\/post"}],"author":[{"embeddable":true,"href":"https:\/\/trachtenverein-reischach.de\/index.php?rest_route=\/wp\/v2\/users\/109"}],"replies":[{"embeddable":true,"href":"https:\/\/trachtenverein-reischach.de\/index.php?rest_route=%2Fwp%2Fv2%2Fcomments&post=1507"}],"version-history":[{"count":0,"href":"https:\/\/trachtenverein-reischach.de\/index.php?rest_route=\/wp\/v2\/posts\/1507\/revisions"}],"wp:featuredmedia":[{"embeddable":true,"href":"https:\/\/trachtenverein-reischach.de\/index.php?rest_route=\/wp\/v2\/media\/1512"}],"wp:attachment":[{"href":"https:\/\/trachtenverein-reischach.de\/index.php?rest_route=%2Fwp%2Fv2%2Fmedia&parent=1507"}],"wp:term":[{"taxonomy":"category","embeddable":true,"href":"https:\/\/trachtenverein-reischach.de\/index.php?rest_route=%2Fwp%2Fv2%2Fcategories&post=1507"},{"taxonomy":"post_tag","embeddable":true,"href":"https:\/\/trachtenverein-reischach.de\/index.php?rest_route=%2Fwp%2Fv2%2Ftags&post=1507"}],"curies":[{"name":"wp","href":"https:\/\/api.w.org\/{rel}","templated":true}]}}