{"id":1430,"date":"2022-11-06T19:16:22","date_gmt":"2022-11-06T18:16:22","guid":{"rendered":"https:\/\/trachtenverein-reischach.de\/?p=1430"},"modified":"2022-12-05T21:29:01","modified_gmt":"2022-12-05T20:29:01","slug":"uebernachtung-im-vereinsheim","status":"publish","type":"post","link":"https:\/\/trachtenverein-reischach.de\/?p=1430","title":{"rendered":"\u00dcbernachtung im Vereinsheim"},"content":{"rendered":"\n<p>Die Kindergruppe \u00fcbernachtete am Freitag, 04.11.22 im Vereinsheim. Nachdem die Schlafpl\u00e4tze bezogen waren, verbrachten wir den Sp\u00e4tnachmittag mit tanzen und spielen. Abends wurden dann selbst belegte Pizzen gebacken und mit gro\u00dfem Hunger restlos aufgegessen. Im Anschluss an das Abendessen folgte dann eine kleine Nachtwanderung Richtung Lanzenberg. Wieder zur\u00fcck im Vereinsheim schauten wir uns gemeinsam noch kleine Videoausschnitte vom Heimatabend im Oktober an bevor alle m\u00fcde unter ihre Decken schl\u00fcpften. Am Samstag folgte dann noch ein gemeinsames Fr\u00fchst\u00fcck und nachdem die Schlafpl\u00e4tze wieder aufger\u00e4umt waren nutzen wir die verbleibende Zeit noch f\u00fcr ein paar T\u00e4nze.<br>Insgesamt war es eine gelungene Aktivit\u00e4t bei der Kinder und Betreuer viel Spa\u00df hatten.<\/p>\n","protected":false},"excerpt":{"rendered":"<p>Die Kindergruppe \u00fcbernachtete am Freitag, 04.11.22 im Vereinsheim. Nachdem die Schlafpl\u00e4tze bezogen waren, verbrachten wir den Sp\u00e4tnachmittag mit tanzen und spielen. Abends wurden dann selbst belegte Pizzen gebacken und mit gro\u00dfem Hunger restlos aufgegessen. Im Anschluss an das Abendessen folgte dann eine kleine Nachtwanderung Richtung Lanzenberg. Wieder zur\u00fcck im Vereinsheim schauten wir uns gemeinsam noch &#8230; <a title=\"\u00dcbernachtung im Vereinsheim\" class=\"read-more\" href=\"https:\/\/trachtenverein-reischach.de\/?p=1430\" aria-label=\"Mehr Informationen \u00fcber \u00dcbernachtung im Vereinsheim\">Weiterlesen<\/a><\/p>\n","protected":false},"author":109,"featured_media":1431,"comment_status":"closed","ping_status":"closed","sticky":false,"template":"","format":"standard","meta":{"pgc_sgb_lightbox_settings":"","footnotes":""},"categories":[4,17],"tags":[],"class_list":["post-1430","post","type-post","status-publish","format-standard","has-post-thumbnail","hentry","category-aktuelles","category-archiv-jugend"],"_links":{"self":[{"href":"https:\/\/trachtenverein-reischach.de\/index.php?rest_route=\/wp\/v2\/posts\/1430","targetHints":{"allow":["GET"]}}],"collection":[{"href":"https:\/\/trachtenverein-reischach.de\/index.php?rest_route=\/wp\/v2\/posts"}],"about":[{"href":"https:\/\/trachtenverein-reischach.de\/index.php?rest_route=\/wp\/v2\/types\/post"}],"author":[{"embeddable":true,"href":"https:\/\/trachtenverein-reischach.de\/index.php?rest_route=\/wp\/v2\/users\/109"}],"replies":[{"embeddable":true,"href":"https:\/\/trachtenverein-reischach.de\/index.php?rest_route=%2Fwp%2Fv2%2Fcomments&post=1430"}],"version-history":[{"count":0,"href":"https:\/\/trachtenverein-reischach.de\/index.php?rest_route=\/wp\/v2\/posts\/1430\/revisions"}],"wp:featuredmedia":[{"embeddable":true,"href":"https:\/\/trachtenverein-reischach.de\/index.php?rest_route=\/wp\/v2\/media\/1431"}],"wp:attachment":[{"href":"https:\/\/trachtenverein-reischach.de\/index.php?rest_route=%2Fwp%2Fv2%2Fmedia&parent=1430"}],"wp:term":[{"taxonomy":"category","embeddable":true,"href":"https:\/\/trachtenverein-reischach.de\/index.php?rest_route=%2Fwp%2Fv2%2Fcategories&post=1430"},{"taxonomy":"post_tag","embeddable":true,"href":"https:\/\/trachtenverein-reischach.de\/index.php?rest_route=%2Fwp%2Fv2%2Ftags&post=1430"}],"curies":[{"name":"wp","href":"https:\/\/api.w.org\/{rel}","templated":true}]}}